{"id":4692,"date":"2016-07-23T16:32:59","date_gmt":"2016-07-23T14:32:59","guid":{"rendered":"https:\/\/blog.silviobessone.it\/2023\/10\/le-meilleur-cacao-du-monde-nexiste-pas\/"},"modified":"2023-10-26T11:07:39","modified_gmt":"2023-10-26T09:07:39","slug":"le-meilleur-cacao-du-monde-nexiste-pas","status":"publish","type":"post","link":"https:\/\/blog.silviobessone.it\/fr\/2016\/07\/le-meilleur-cacao-du-monde-nexiste-pas\/","title":{"rendered":"Le meilleur cacao du monde n&#8217;existe pas !"},"content":{"rendered":"<p>Le meilleur cacao du monde n&#8217;existe pas ! Il y a du cacao <a href=\"http:\/\/silviobessone.it\/it\/profilo\/cioccolato-friend.html\"><em>bien transform\u00e9<\/em> <\/a> et <a href=\"http:\/\/silviobessone.it\/it\/profilo\/cioccolato-friend.html\">du <\/a> cacao<em>mal<\/em> transform\u00e9, des vari\u00e9t\u00e9s bien transform\u00e9es ou mal transform\u00e9es. Si un cacao est appr\u00e9ci\u00e9 dans le monde, ce n&#8217;est pas seulement gr\u00e2ce aux f\u00e8ves mais surtout gr\u00e2ce \u00e0 la capacit\u00e9 des planteurs \u00e0 les prot\u00e9ger !<\/p>\n<p>Tout le monde se remplit la bouche avec le mot Criollo ! Mais oui, d&#8217;accord ! Mais il n&#8217;y a pas que des blondes dans le monde !<\/p>\n<p>Il y a aussi d&#8217;autres talents fascinants dans l&#8217;univers f\u00e9minin et le cacao leur est exactement parall\u00e8le.<\/p>\n<div id=\"attachment_665\" style=\"width: 778px\" class=\"wp-caption alignleft\"><img loading=\"lazy\" decoding=\"async\" aria-describedby=\"caption-attachment-665\" class=\"size-large wp-image-329\" src=\"https:\/\/blog.silviobessone.it\/wp-content\/uploads\/2016\/07\/SDC13338.jpg\" alt=\"Le cacao est s\u00e9ch\u00e9 sur des cadres sp\u00e9ciaux con\u00e7us par Silvio Bessone.\" width=\"768\" height=\"1024\" srcset=\"https:\/\/blog.silviobessone.it\/wp-content\/uploads\/2016\/07\/SDC13338.jpg 2736w, https:\/\/blog.silviobessone.it\/wp-content\/uploads\/2016\/07\/SDC13338-510x680.jpg 510w, https:\/\/blog.silviobessone.it\/wp-content\/uploads\/2016\/07\/SDC13338-225x300.jpg 225w, https:\/\/blog.silviobessone.it\/wp-content\/uploads\/2016\/07\/SDC13338-768x1024.jpg 768w, https:\/\/blog.silviobessone.it\/wp-content\/uploads\/2016\/07\/SDC13338-1080x1440.jpg 1080w\" sizes=\"(max-width: 768px) 100vw, 768px\" \/><p id=\"caption-attachment-665\" class=\"wp-caption-text\">le s\u00e9chage du cacao selon la m\u00e9thode Bessone<\/p><\/div>\n<p>Des caract\u00e9ristiques magnifiques qui peuvent <em>&#8220;faire vibrer&#8221;<\/em> mais qui doivent \u00eatre d\u00e9couvertes, d\u00e9velopp\u00e9es et ensuite promues professionnellement.<\/p>\n<p>Souvent, il n&#8217;y a pas de contact entre ceux qui produisent le cacao et ceux qui le transforment en chocolat, il y a des chocolatiers qui n&#8217;ont jamais vu une f\u00e8ve de cacao et des producteurs de cacao qui n&#8217;ont jamais go\u00fbt\u00e9 le chocolat. D&#8217;autre part, il existe de nombreux personnages qui inventent des histoires et tentent de faire croire \u00e0 leur public des choses dont ils ne sont pas capables, confondant souvent les consommateurs et causant ainsi un grand pr\u00e9judice au monde du chocolat !<\/p>\n<p>Mon exp\u00e9rience professionnelle d&#8217;une trentaine d&#8217;ann\u00e9es et mes \u00e9tudes scientifiques m&#8217;ont amen\u00e9 \u00e0 d\u00e9velopper une connaissance qui peut apporter une aide concr\u00e8te \u00e0 l&#8217;am\u00e9lioration des processus de production et de post-r\u00e9colte, je suis actuellement le d\u00e9veloppement de la qualit\u00e9 dans certains pays producteurs de cacao tr\u00e8s importants.<\/p>\n<p>Mais je veux vous parler d&#8217;un projet important ; de nombreux producteurs de cacao veulent produire leur propre chocolat afin d&#8217;augmenter la valeur ajout\u00e9e au cacao, sans savoir que les march\u00e9s o\u00f9 ils pourraient faire des ventes les verraient en concurrence avec des entreprises qui travaillent avec la haute technologie et connaissent les outils commerciaux n\u00e9cessaires, et qu&#8217;il deviendrait donc difficile de p\u00e9n\u00e9trer ces march\u00e9s de mani\u00e8re efficace.<\/p>\n<p>J&#8217;ai lu ce besoin des producteurs de cacao et le besoin des petits chocolatiers d&#8217;avoir toujours de nouveaux produits \u00e0 mettre sur le march\u00e9 avec l&#8217;intention souvent s\u00e9rieuse d&#8217;apporter quelque chose d&#8217;int\u00e9ressant aux amateurs de chocolat.<\/p>\n<p>D&#8217;autre part, la <em>n\u00e9cessit\u00e9 pour les<\/em> consommateurs d&#8217;\u00eatre de plus en plus conscients de ce qu&#8217;ils mangent et de l&#8217;origine des produits m\u00e9tallurgiques m&#8217;a fait penser \u00e0 un outil qui pourrait faire de chacun un protagoniste d&#8217;un m\u00eame projet.<\/p>\n<p>La  <em>La <strong>bio\u00e9thique<\/strong> dans le cacao Parler de <strong>bio\u00e9thique<\/strong><\/em>  Il peut sembler futuriste et lent \u00e0 venir, mais ce que je veux vous pr\u00e9senter n&#8217;est pas \u00e0 long terme, mais a d\u00e9j\u00e0 commenc\u00e9.  <em><strong>&#8220;Silvio Bessone Chocholate et ami<\/strong><\/em>  c&#8217;est-\u00e0-dire qu&#8217;il n&#8217;y a pas de m\u00e9diation de la part de quiconque ; le contact direct entre le producteur agricole et l&#8217;agriculteur doit \u00eatre assur\u00e9.  <em>Moi<\/em>la transformation directe par mes soins pour mon propre march\u00e9 et pour le march\u00e9 des producteurs de cacao, qui peut voir ma structure se transformer en une structure de production de cacao.  <em>L&#8217;Europe<\/em>  son cacao correctement et conform\u00e9ment aux normes continentales, ce qui peut garantir une transformation efficace et, en collaboration, d\u00e9velopper la meilleure transformation du cacao pour que le consommateur ach\u00e8te le meilleur chocolat du monde !<\/p>\n<p>En effet, entre le d\u00e9but et la fin de la cha\u00eene d&#8217;approvisionnement, chacun des acteurs est un joueur cl\u00e9 et chaque producteur de cacao peut se sentir protagoniste de la tablette de chocolat qui portera son nom et fera partie de l&#8217;histoire de l&#8217;entreprise.  <strong><em>&#8220;Premi\u00e8re charte internationale du chocolat<\/em><\/strong>  et dans les meilleurs restaurants du monde, dans les salles de d\u00e9gustation ou dans les ateliers des confiseurs et chocolatiers les plus ambitieux, ils retrouvent leur chocolat et leur nom !<\/p>\n<p>Combin\u00e9 \u00e0 ma propre transformation des meilleures f\u00e8ves qu&#8217;ils produisent et \u00e0 la sensibilit\u00e9 du chocolatier qui l&#8217;apporte \u00e0 son client en partageant avec nous une nouvelle philosophie.<\/p>\n<p><em><br \/>\n  <strong>riendrait<\/strong><br \/>\n<\/em> pas des fournisseurs, <em><br \/>\n  <strong>Partenaires<\/strong><br \/>\n<\/em>  pas des sp\u00e9culateurs, o\u00f9 le prix n&#8217;est pas fix\u00e9 par la bourse mais par la qualit\u00e9 et le caract\u00e8re distinctif que ce cacao exprime, et o\u00f9 le prix ne sera pas n\u00e9goci\u00e9 par des marchands sans scrupules mais d\u00e9cid\u00e9 entre deux amis, qui partagent un d\u00e9sir commun de d\u00e9velopper et d&#8217;am\u00e9liorer le projet en garantissant au consommateur la propret\u00e9, le s\u00e9rieux, la constance et la durabilit\u00e9 environnementale ainsi que le respect \u00e9thique de chaque travailleur sur le terrain !<\/p>\n<p>Tous avec la m\u00eame dignit\u00e9, pas d&#8217;aum\u00f4nes du commerce lointain, pas de timbres ou de certificats, juste une poign\u00e9e de main et un mot comme entre deux vieux amis avec un int\u00e9r\u00eat commun, augmenter le profit en am\u00e9liorant le m\u00e9tal produit en premier et en lui donnant plus de valeur !<\/p>\n<div id=\"attachment_673\" style=\"width: 1031px\" class=\"wp-caption alignleft\"><img loading=\"lazy\" decoding=\"async\" aria-describedby=\"caption-attachment-673\" class=\"size-full wp-image-331\" src=\"https:\/\/blog.silviobessone.it\/wp-content\/uploads\/2016\/07\/Bessone046.jpg\" alt=\"Les cabosses sont s\u00e9lectionn\u00e9es pour am\u00e9liorer la qualit\u00e9.\" width=\"1021\" height=\"653\" srcset=\"https:\/\/blog.silviobessone.it\/wp-content\/uploads\/2016\/07\/Bessone046.jpg 1021w, https:\/\/blog.silviobessone.it\/wp-content\/uploads\/2016\/07\/Bessone046-510x326.jpg 510w, https:\/\/blog.silviobessone.it\/wp-content\/uploads\/2016\/07\/Bessone046-300x192.jpg 300w, https:\/\/blog.silviobessone.it\/wp-content\/uploads\/2016\/07\/Bessone046-768x491.jpg 768w\" sizes=\"(max-width: 1021px) 100vw, 1021px\" \/><p id=\"caption-attachment-673\" class=\"wp-caption-text\">Les cabosses de cacao sont s\u00e9lectionn\u00e9es pour am\u00e9liorer l&#8217;uniformit\u00e9 du cacao dans le monde.<\/p><\/div>\n<p><em>En toute transparence !<\/em><\/p>\n<p>Un projet qui ne se limite pas au produit cacao, associ\u00e9 au cacao on trouve d&#8217;autres ingr\u00e9dients qui rejoignent les trottoirs comme la cassonade, la vanille, les noisettes ou le lait frais !<\/p>\n<p>Oui, du lait frais, nous produisons une recette sp\u00e9ciale \u00e0 base de lait frais provenant d&#8217;une exploitation laiti\u00e8re de <strong>Cuneo<\/strong> et les vaches, de race pi\u00e9montaise, font partie du projet, d\u00e9clarant leurs marques auriculaires et toute la tra\u00e7abilit\u00e9.<\/p>\n<p>Pour les Gianduia ou noisettes, nous ne nous contentons pas d&#8217;indiquer qu&#8217;elles sont pi\u00e9montaises, mais nous indiquons m\u00eame la noiseraie et les num\u00e9ros de carte afin que le consommateur puisse savoir s&#8217;il s&#8217;agit de noisettes de colline plut\u00f4t que des cultures intensives de plaine, plus rentables mais peu go\u00fbteuses.<\/p>\n<p>Comme je pense que vous avez pu le comprendre, le projet est complexe et demande beaucoup de passion et de pers\u00e9v\u00e9rance, les obstacles sont nombreux et la situation est tr\u00e8s difficile.<\/p>\n<div id=\"attachment_425\" style=\"width: 1034px\" class=\"wp-caption alignleft\"><img loading=\"lazy\" decoding=\"async\" aria-describedby=\"caption-attachment-425\" class=\"size-large wp-image-72\" src=\"https:\/\/blog.silviobessone.it\/wp-content\/uploads\/2016\/06\/Equador-Luglio-2007-220-1024x768.jpg\" alt=\"Fruit de cacao diss\u00e9qu\u00e9, \u00c9quateur\" width=\"1024\" height=\"768\"><p id=\"caption-attachment-425\" class=\"wp-caption-text\">Pulpe de cacao<\/p><\/div>\n<p>pas seulement \u00e9conomique !<\/p>\n<p>Le travail difficile consiste surtout \u00e0 faire conna\u00eetre ces choses, \u00e0 impliquer des personnes s\u00e9rieuses qui essaient de faire le bien et le bon, heureusement j&#8217;en ai rencontr\u00e9 beaucoup et cela me pousse \u00e0 aller de l&#8217;avant la t\u00eate baiss\u00e9e.<\/p>\n<p>Je tiens \u00e0 remercier tous ceux qui ont fait confiance \u00e0 cette maison d&#8217;\u00e9dition, qui a toujours pr\u00eat\u00e9 ses pages pour pr\u00e9senter mes voyages et des initiatives de solidarit\u00e9 comme le <em>Sri Lanka<\/em>, qui sera certainement pr\u00e9sent dans ce projet.<\/p>\n<div id=\"attachment_401\" style=\"width: 778px\" class=\"wp-caption alignleft\"><img loading=\"lazy\" decoding=\"async\" aria-describedby=\"caption-attachment-401\" class=\"size-large wp-image-64\" src=\"https:\/\/blog.silviobessone.it\/wp-content\/uploads\/2016\/06\/Arrivo-del-cacao-2007-019.jpg\" alt=\"Sacs de cacao par Silvio Bessone\" width=\"768\" height=\"1024\" srcset=\"https:\/\/blog.silviobessone.it\/wp-content\/uploads\/2016\/06\/Arrivo-del-cacao-2007-019.jpg 2736w, https:\/\/blog.silviobessone.it\/wp-content\/uploads\/2016\/06\/Arrivo-del-cacao-2007-019-510x680.jpg 510w, https:\/\/blog.silviobessone.it\/wp-content\/uploads\/2016\/06\/Arrivo-del-cacao-2007-019-225x300.jpg 225w, https:\/\/blog.silviobessone.it\/wp-content\/uploads\/2016\/06\/Arrivo-del-cacao-2007-019-768x1024.jpg 768w\" sizes=\"(max-width: 768px) 100vw, 768px\" \/><p id=\"caption-attachment-401\" class=\"wp-caption-text\">Sacs du meilleur cacao du monde \u00e0 Vicoforte par Silvio Bessone<\/p><\/div>\n<p>Quelqu&#8217;un qui pr\u00e9sentait mon projet en <em>Europe<\/em> m&#8217;a dit <em>: &#8220;mais qui t&#8217;obligerait \u00e0 le faire ? Il suffit de leur en parler et ensuite de faire comme les autres, d&#8217;acheter du chocolat de l&#8217;industrie ou du cacao au meilleur prix !<\/em><\/p>\n<p>Ce serait plus pratique !<\/p>\n<p>Mais tant que j&#8217;aurai la volont\u00e9 et la force de me lever chaque matin avec un objectif et une mission, je poursuivrai mes r\u00eaves, et tant qu&#8217;un client prendra plaisir \u00e0 savoir que je fais ces choses, cela en vaudra toujours la peine, et m\u00eame si un jour il n&#8217;y a m\u00eame pas cela, cela en vaudra toujours la peine pour moi, je le dois \u00e0 Dieu !<\/p>\n<p>Lorsque j&#8217;ai commenc\u00e9 mon m\u00e9tier de chocolatier, beaucoup de choses avaient d\u00e9j\u00e0 \u00e9t\u00e9 faites et je remercie sinc\u00e8rement tous ceux qui ont permis au chocolat d&#8217;\u00eatre ce qu&#8217;il est, mais laissez-moi l&#8217;illusion que je peux laisser \u00e0 ceux qui me suivront un peu plus de temps et d&#8217;\u00e9nergie.  <strong><br \/>\n  <em>Bien<\/em><br \/>\n<\/strong>, <em><br \/>\n  <strong>Plus \u00e9quitable<\/strong><br \/>\n<\/em>, <em><br \/>\n  <strong>Plus sain<\/strong><br \/>\n<\/em>, <em><br \/>\n  <strong>Plus juste<\/strong><br \/>\n<\/em> e <em><br \/>\n  <strong>Plus durable<\/strong><br \/>\n<\/em>!<\/p>\n<p><em><strong>C&#8217;est le projet de bio\u00e9thique que j&#8217;envisage !<\/strong><\/em><\/p>\n","protected":false},"excerpt":{"rendered":"<p>Le meilleur cacao du monde n&#8217;existe pas ! Il y a du cacao bien transform\u00e9 et du cacaomal transform\u00e9, des vari\u00e9t\u00e9s bien transform\u00e9es ou mal transform\u00e9es. Si un cacao est appr\u00e9ci\u00e9 dans le monde, ce n&#8217;est pas seulement gr\u00e2ce aux f\u00e8ves mais surtout gr\u00e2ce \u00e0 la capacit\u00e9 des planteurs \u00e0 les prot\u00e9ger ! Tout le [&hellip;]<\/p>\n","protected":false},"author":3,"featured_media":401,"comment_status":"open","ping_status":"open","sticky":false,"template":"","format":"standard","meta":{"_et_pb_use_builder":"","_et_pb_old_content":"","_et_gb_content_width":"","footnotes":""},"categories":[45,24],"tags":[],"yst_prominent_words":[],"class_list":["post-4692","post","type-post","status-publish","format-standard","has-post-thumbnail","hentry","category-le-cacao-de-la-solidarite","category-editorial"],"_links":{"self":[{"href":"https:\/\/blog.silviobessone.it\/fr\/wp-json\/wp\/v2\/posts\/4692","targetHints":{"allow":["GET"]}}],"collection":[{"href":"https:\/\/blog.silviobessone.it\/fr\/wp-json\/wp\/v2\/posts"}],"about":[{"href":"https:\/\/blog.silviobessone.it\/fr\/wp-json\/wp\/v2\/types\/post"}],"author":[{"embeddable":true,"href":"https:\/\/blog.silviobessone.it\/fr\/wp-json\/wp\/v2\/users\/3"}],"replies":[{"embeddable":true,"href":"https:\/\/blog.silviobessone.it\/fr\/wp-json\/wp\/v2\/comments?post=4692"}],"version-history":[{"count":1,"href":"https:\/\/blog.silviobessone.it\/fr\/wp-json\/wp\/v2\/posts\/4692\/revisions"}],"predecessor-version":[{"id":4824,"href":"https:\/\/blog.silviobessone.it\/fr\/wp-json\/wp\/v2\/posts\/4692\/revisions\/4824"}],"wp:featuredmedia":[{"embeddable":true,"href":"https:\/\/blog.silviobessone.it\/fr\/wp-json\/wp\/v2\/media\/401"}],"wp:attachment":[{"href":"https:\/\/blog.silviobessone.it\/fr\/wp-json\/wp\/v2\/media?parent=4692"}],"wp:term":[{"taxonomy":"category","embeddable":true,"href":"https:\/\/blog.silviobessone.it\/fr\/wp-json\/wp\/v2\/categories?post=4692"},{"taxonomy":"post_tag","embeddable":true,"href":"https:\/\/blog.silviobessone.it\/fr\/wp-json\/wp\/v2\/tags?post=4692"},{"taxonomy":"yst_prominent_words","embeddable":true,"href":"https:\/\/blog.silviobessone.it\/fr\/wp-json\/wp\/v2\/yst_prominent_words?post=4692"}],"curies":[{"name":"wp","href":"https:\/\/api.w.org\/{rel}","templated":true}]}}