{"id":4408,"date":"2023-10-09T12:25:50","date_gmt":"2023-10-09T10:25:50","guid":{"rendered":"https:\/\/blog.silviobessone.it\/2023\/10\/chocolat-au-lait-de-lequateur-a-faible-teneur-en-sucre\/"},"modified":"2023-10-25T21:40:09","modified_gmt":"2023-10-25T19:40:09","slug":"chocolat-au-lait-de-lequateur-a-faible-teneur-en-sucre","status":"publish","type":"post","link":"https:\/\/blog.silviobessone.it\/fr\/2023\/10\/chocolat-au-lait-de-lequateur-a-faible-teneur-en-sucre\/","title":{"rendered":"Chocolat au lait de l&#8217;\u00c9quateur \u00e0 faible teneur en sucre"},"content":{"rendered":"\n<h3 class=\"wp-block-heading\">Un m\u00e9lange d&#8217;amiti\u00e9, de tradition et de sant\u00e9<\/h3>\n\n<p>L&#8217;\u00c9quateur est une terre de cacao qui a ensorcel\u00e9 le c\u0153ur de nombreux chocolatiers. Et lorsque l&#8217;on associe l&#8217;art \u00e9quatorien du cacao \u00e0 la passion italienne pour le chocolat au lait, le r\u00e9sultat ne peut \u00eatre que divin. Ma nouvelle tablette, fruit d&#8217;une collaboration avec mon cher ami Maximilian et con\u00e7ue pour ceux qui, comme moi, veulent limiter le sucre sans compromettre la saveur, est exactement cela : une ode \u00e0 l&#8217;amiti\u00e9, \u00e0 l&#8217;artisanat et au bien-\u00eatre.<\/p>\n\n<figure class=\"wp-block-image size-large\"><img loading=\"lazy\" decoding=\"async\" width=\"1024\" height=\"462\" src=\"https:\/\/blog.silviobessone.it\/wp-content\/uploads\/2023\/10\/20210810_150025-1024x462.jpg\" alt=\"\" class=\"wp-image-2943\" srcset=\"https:\/\/blog.silviobessone.it\/wp-content\/uploads\/2023\/10\/20210810_150025-980x442.jpg 980w, https:\/\/blog.silviobessone.it\/wp-content\/uploads\/2023\/10\/20210810_150025-480x217.jpg 480w\" sizes=\"(min-width: 0px) and (max-width: 480px) 480px, (min-width: 481px) and (max-width: 980px) 980px, (min-width: 981px) 1024px, 100vw\" \/><\/figure>\n\n<p><strong>Cacao pr\u00e9cieux de l&#8217;\u00c9quateur<\/strong>:<\/p>\n\n<p>Les hauteurs de la r\u00e9gion d&#8217;Esmeralda, en \u00c9quateur, rec\u00e8lent des secrets mill\u00e9naires. Ici, les plants de cacao poussent luxueusement, nourris par un sol fertile embrass\u00e9 par le soleil \u00e9quatorial. La vari\u00e9t\u00e9 de cacao cultiv\u00e9e dans ces r\u00e9gions donne des ar\u00f4mes complexes et profonds, parfaitement \u00e9quilibr\u00e9s par la douceur du lait.<\/p>\n\n<p>\n          <strong>L&#8217;art de Maximilien et l&#8217;attention port\u00e9e \u00e0 la sant\u00e9 :<\/strong>\n        <\/p>\n\n<p>Mon ami Maximilian n&#8217;est pas seulement un producteur, c&#8217;est un v\u00e9ritable artiste du cacao. Chaque graine r\u00e9colt\u00e9e sur les hauts plateaux d&#8217;Esmeralda passe entre ses mains expertes, ce qui garantit une qualit\u00e9 sans compromis. Notre collaboration a abouti \u00e0 un chocolat au lait qui satisfait le palais, mais aussi les besoins de ceux qui recherchent une douceur moins sucr\u00e9e.<\/p>\n\n<p>\n          <strong>Un chocolat au lait exceptionnel :<\/strong>\n        <\/p>\n\n<p>Ce chocolat au lait n&#8217;est pas comme les autres. Avec son caract\u00e8re fort et enveloppant, il apporte la saveur des hauts plateaux \u00e9quatoriens, fusionn\u00e9e avec l&#8217;onctuosit\u00e9 du chocolat au lait italien et dans un souci de sant\u00e9, gr\u00e2ce \u00e0 sa faible teneur en sucre. Une tablette qui c\u00e9l\u00e8bre une amiti\u00e9, une passion commune pour le chocolat de qualit\u00e9 et une attention particuli\u00e8re au bien-\u00eatre de ceux qui le d\u00e9gustent.<\/p>\n\n<figure class=\"wp-block-image size-full is-resized\"><img loading=\"lazy\" decoding=\"async\" src=\"https:\/\/blog.silviobessone.it\/wp-content\/uploads\/2023\/10\/cioccoliamoci2.png\" alt=\"\" class=\"wp-image-2951\" style=\"width:153px;height:74px\" width=\"153\" height=\"74\"><\/figure>\n\n<div class=\"wp-block-buttons is-layout-flex wp-block-buttons-is-layout-flex\">\n<div class=\"wp-block-button is-style-fill\"><a class=\"wp-block-button__link wp-element-button\" href=\"https:\/\/shop.silviobessone.it\/it\/\">Aller au commerce \u00e9lectronique<\/a><\/div>\n<\/div>\n\n<p>Ingr\u00e9dients : Beurre de cacao, <strong>cr\u00e8me<\/strong> en poudre, prot\u00e9ines de <strong>lait<\/strong> (11,9 %), agent de charge : polydextrose, \u00e9dulcorants : \u00e9rythritol, sucralose, inuline, f\u00e8ves de cacao de l&#8217;\u00c9quateur, fructose. \u00c9mulsifiant : l\u00e9cithine de <strong>soja<\/strong>. Sel, extrait de vanille.<\/p>\n\n<p>\n          <img loading=\"lazy\" decoding=\"async\" width=\"11\" height=\"14\" src=\"\"\/>\n          <em>&#8220;avec \u00e9dulcorant(s)&#8221;  <\/em>\n        <\/p>\n\n<p>Poids net Tablet gr 75  <\/p>\n\n<p>\u00c0 consommer avant consommation dans un d\u00e9lai de 12 mois \u00e0 compter de la date du lot de production.<\/p>\n\n<p>Conserver dans un endroit frais (&lt;20 C\u00b0) et sec, \u00e0 l&#8217;\u00e9cart de toute source de chaleur.<\/p>\n\n<p>Valeurs nutritionnelles<\/p>\n\n<figure class=\"wp-block-image size-full\"><img loading=\"lazy\" decoding=\"async\" width=\"340\" height=\"246\" src=\"https:\/\/blog.silviobessone.it\/wp-content\/uploads\/2023\/10\/immagine-1.png\" alt=\"\" class=\"wp-image-2956\" srcset=\"https:\/\/blog.silviobessone.it\/wp-content\/uploads\/2023\/10\/immagine-1.png 340w, https:\/\/blog.silviobessone.it\/wp-content\/uploads\/2023\/10\/immagine-1-300x217.png 300w\" sizes=\"(max-width: 340px) 100vw, 340px\" \/><\/figure>\n\n<p>Contient des allerg\u00e8nes : Lait et produits laitiers, soja &#8211; Peut contenir des traces de fruits \u00e0 coque.<\/p>\n\n<p>Produit par SB Cioccolato srl Via Bagetti 11 10143 Torino, dans le laboratoire de <strong>Bessone Silvio <\/strong>Via f. Gallo 19 12080 Vicoforte CN<\/p>\n\n<p>Emballage ext\u00e9rieur en papier, recyclable.<\/p>\n\n<p>Emballage int\u00e9rieur de protection en PVC recyclable<\/p>\n","protected":false},"excerpt":{"rendered":"<p>Un m\u00e9lange d&#8217;amiti\u00e9, de tradition et de sant\u00e9 L&#8217;\u00c9quateur est une terre de cacao qui a ensorcel\u00e9 le c\u0153ur de nombreux chocolatiers. Et lorsque l&#8217;on associe l&#8217;art \u00e9quatorien du cacao \u00e0 la passion italienne pour le chocolat au lait, le r\u00e9sultat ne peut \u00eatre que divin. Ma nouvelle tablette, fruit d&#8217;une collaboration avec mon cher [&hellip;]<\/p>\n","protected":false},"author":3,"featured_media":2945,"comment_status":"open","ping_status":"open","sticky":false,"template":"","format":"standard","meta":{"_et_pb_use_builder":"off","_et_pb_old_content":"","_et_gb_content_width":"","footnotes":""},"categories":[636,646,956],"tags":[1020],"yst_prominent_words":[],"class_list":["post-4408","post","type-post","status-publish","format-standard","has-post-thumbnail","hentry","category-atterrissage","category-de-la-feve-au-bar","category-produits-speciaux","tag-equateur"],"_links":{"self":[{"href":"https:\/\/blog.silviobessone.it\/fr\/wp-json\/wp\/v2\/posts\/4408","targetHints":{"allow":["GET"]}}],"collection":[{"href":"https:\/\/blog.silviobessone.it\/fr\/wp-json\/wp\/v2\/posts"}],"about":[{"href":"https:\/\/blog.silviobessone.it\/fr\/wp-json\/wp\/v2\/types\/post"}],"author":[{"embeddable":true,"href":"https:\/\/blog.silviobessone.it\/fr\/wp-json\/wp\/v2\/users\/3"}],"replies":[{"embeddable":true,"href":"https:\/\/blog.silviobessone.it\/fr\/wp-json\/wp\/v2\/comments?post=4408"}],"version-history":[{"count":5,"href":"https:\/\/blog.silviobessone.it\/fr\/wp-json\/wp\/v2\/posts\/4408\/revisions"}],"predecessor-version":[{"id":4681,"href":"https:\/\/blog.silviobessone.it\/fr\/wp-json\/wp\/v2\/posts\/4408\/revisions\/4681"}],"wp:featuredmedia":[{"embeddable":true,"href":"https:\/\/blog.silviobessone.it\/fr\/wp-json\/wp\/v2\/media\/2945"}],"wp:attachment":[{"href":"https:\/\/blog.silviobessone.it\/fr\/wp-json\/wp\/v2\/media?parent=4408"}],"wp:term":[{"taxonomy":"category","embeddable":true,"href":"https:\/\/blog.silviobessone.it\/fr\/wp-json\/wp\/v2\/categories?post=4408"},{"taxonomy":"post_tag","embeddable":true,"href":"https:\/\/blog.silviobessone.it\/fr\/wp-json\/wp\/v2\/tags?post=4408"},{"taxonomy":"yst_prominent_words","embeddable":true,"href":"https:\/\/blog.silviobessone.it\/fr\/wp-json\/wp\/v2\/yst_prominent_words?post=4408"}],"curies":[{"name":"wp","href":"https:\/\/api.w.org\/{rel}","templated":true}]}}